{"id":4605,"date":"2020-06-02T21:42:08","date_gmt":"2020-06-02T19:42:08","guid":{"rendered":"https:\/\/pension-brigitte-henkel.de\/?p=4605"},"modified":"2020-06-02T21:42:09","modified_gmt":"2020-06-02T19:42:09","slug":"estaciones-de-recarga-para-bicicletas-electricas-en-el-mosela","status":"publish","type":"post","link":"https:\/\/pension-brigitte-henkel.de\/es\/estaciones-de-recarga-para-bicicletas-electricas-en-el-mosela\/","title":{"rendered":"Estaciones de recarga para bicicletas el\u00e9ctricas en el Mosela"},"content":{"rendered":"<p>Las bicicletas el\u00e9ctricas est\u00e1n muy de moda y cada vez son m\u00e1s las personas que se entusiasman con estas bicicletas que cuentan con una peque\u00f1a ayuda. Nuestros hu\u00e9spedes tambi\u00e9n utilizan cada vez m\u00e1s las bicicletas el\u00e9ctricas para explorar el Mosela. Con la bicicleta el\u00e9ctrica tambi\u00e9n se pueden explorar las regiones monta\u00f1osas que rodean el Mosela. <\/p>\n\n\n\n<figure class=\"wp-block-image size-large is-resized\"><img fetchpriority=\"high\" decoding=\"async\" src=\"httpss:\/\/pension-brigitte-henkel.de\/wp-content\/uploads\/2020\/06\/bike.svg\" alt=\"\" class=\"wp-image-4607\" width=\"363\" height=\"363\"\/><figcaption>Las bicicletas el\u00e9ctricas est\u00e1n muy de moda. \u00bfPor qu\u00e9 no planea una excursi\u00f3n en bicicleta el\u00e9ctrica por el Mosela?.<\/figcaption><\/figure>\n\n\n\n<p>El Mosela, que es un r\u00edo llano, no necesita realmente la ayuda de ning\u00fan peque\u00f1o asistente. En nuestro establecimiento, los hu\u00e9spedes pueden recargar las bater\u00edas de sus bicicletas el\u00e9ctricas. Adem\u00e1s, el garaje ofrece un lugar seguro para guardar sus bicicletas. Estaremos encantados de informarle sobre rutas alternativas para su recorrido en bicicleta el\u00e9ctrica. <\/p>","protected":false},"excerpt":{"rendered":"<p>Las e-bikes est\u00e1n de moda y cada vez son m\u00e1s los aficionados a las bicicletas con el peque\u00f1o ayudante. Nuestros hu\u00e9spedes tambi\u00e9n utilizan cada vez m\u00e1s las bicicletas el\u00e9ctricas para explorar el Mosela. Las regiones monta\u00f1osas que rodean el Mosela tambi\u00e9n se pueden explorar en e-bike. El llano Mosela necesita su propia... <\/p>\n<div class=\"clear\"><\/div>\n<p><a href=\"https:\/\/pension-brigitte-henkel.de\/es\/estaciones-de-recarga-para-bicicletas-electricas-en-el-mosela\/\" class=\"excerpt-read-more\">Continuar leyendo<i class=\"fa fa-long-arrow-right icon-long-arrow-right\"><\/i><\/a><\/p>","protected":false},"author":1,"featured_media":0,"comment_status":"open","ping_status":"open","sticky":false,"template":"","format":"standard","meta":{"footnotes":""},"categories":[1],"tags":[],"class_list":["post-4605","post","type-post","status-publish","format-standard","hentry","category-allgemein"],"yoast_head":"<!-- This site is optimized with the Yoast SEO Premium plugin v26.4 (Yoast SEO v27.4) - https:\/\/yoast.com\/product\/yoast-seo-premium-wordpress\/ -->\n<title>E-Bike Ladestationen an der Mosel - Pension Brigitte Henkel<\/title>\n<meta name=\"robots\" content=\"index, follow, max-snippet:-1, max-image-preview:large, max-video-preview:-1\" \/>\n<link rel=\"canonical\" href=\"https:\/\/pension-brigitte-henkel.de\/es\/estaciones-de-recarga-para-bicicletas-electricas-en-el-mosela\/\" \/>\n<meta property=\"og:locale\" content=\"es_ES\" \/>\n<meta property=\"og:type\" content=\"article\" \/>\n<meta property=\"og:title\" content=\"E-Bike Ladestationen an der Mosel\" \/>\n<meta property=\"og:description\" content=\"E-Bikes liegen voll im Trend und begeistern so immer mehr Menschen f\u00fcr die Fahrr\u00e4der mit dem kleinen Helfer. Auch unsere G\u00e4ste nutzen mittlerweile immer mehr das E-Bike um die Mosel zu erkunden. Mit dem E-Bike k\u00f6nnen so auch die bergischen Regionen rund, um die Mosel erkundigt werden. Die flache Mosel selbst ben\u00f6tigt dabei eigentlich selbst... Continue Reading\" \/>\n<meta property=\"og:url\" content=\"https:\/\/pension-brigitte-henkel.de\/es\/estaciones-de-recarga-para-bicicletas-electricas-en-el-mosela\/\" \/>\n<meta property=\"og:site_name\" content=\"Pension Brigitte Henkel\" \/>\n<meta property=\"article:author\" content=\"https:\/\/www.facebook.com\/pension.brigitte\/\" \/>\n<meta property=\"article:published_time\" content=\"2020-06-02T19:42:08+00:00\" \/>\n<meta property=\"article:modified_time\" content=\"2020-06-02T19:42:09+00:00\" \/>\n<meta property=\"og:image\" content=\"\" \/>\n<meta name=\"author\" content=\"Brigitte Henkel\" \/>\n<meta name=\"twitter:card\" content=\"summary_large_image\" \/>\n<meta name=\"twitter:label1\" content=\"Escrito por\" \/>\n\t<meta name=\"twitter:data1\" content=\"Brigitte Henkel\" \/>\n\t<meta name=\"twitter:label2\" content=\"Tiempo de lectura\" \/>\n\t<meta name=\"twitter:data2\" content=\"1 minuto\" \/>\n<!-- \/ Yoast SEO Premium plugin. -->","yoast_head_json":{"title":"Estaciones de recarga para bicicletas el\u00e9ctricas en el Mosela - Pensi\u00f3n Brigitte Henkel","robots":{"index":"index","follow":"follow","max-snippet":"max-snippet:-1","max-image-preview":"max-image-preview:large","max-video-preview":"max-video-preview:-1"},"canonical":"https:\/\/pension-brigitte-henkel.de\/es\/estaciones-de-recarga-para-bicicletas-electricas-en-el-mosela\/","og_locale":"es_ES","og_type":"article","og_title":"E-Bike Ladestationen an der Mosel","og_description":"E-Bikes liegen voll im Trend und begeistern so immer mehr Menschen f\u00fcr die Fahrr\u00e4der mit dem kleinen Helfer. Auch unsere G\u00e4ste nutzen mittlerweile immer mehr das E-Bike um die Mosel zu erkunden. Mit dem E-Bike k\u00f6nnen so auch die bergischen Regionen rund, um die Mosel erkundigt werden. Die flache Mosel selbst ben\u00f6tigt dabei eigentlich selbst... Continue Reading","og_url":"https:\/\/pension-brigitte-henkel.de\/es\/estaciones-de-recarga-para-bicicletas-electricas-en-el-mosela\/","og_site_name":"Pension Brigitte Henkel","article_author":"https:\/\/www.facebook.com\/pension.brigitte\/","article_published_time":"2020-06-02T19:42:08+00:00","article_modified_time":"2020-06-02T19:42:09+00:00","og_image":[{"url":"httpss:\/\/pension-brigitte-henkel.de\/wp-content\/uploads\/2020\/06\/bike.svg","type":"","width":"","height":""}],"author":"Brigitte Henkel","twitter_card":"summary_large_image","twitter_misc":{"Escrito por":"Brigitte Henkel","Tiempo de lectura":"1 minuto"},"schema":{"@context":"https:\/\/schema.org","@graph":[{"@type":"Article","@id":"https:\/\/pension-brigitte-henkel.de\/e-bike-ladestationen-an-der-mosel\/#article","isPartOf":{"@id":"https:\/\/pension-brigitte-henkel.de\/e-bike-ladestationen-an-der-mosel\/"},"author":{"name":"Brigitte Henkel","@id":"https:\/\/pension-brigitte-henkel.de\/#\/schema\/person\/54664315f60693c685e3487082db7605"},"headline":"E-Bike Ladestationen an der Mosel","datePublished":"2020-06-02T19:42:08+00:00","dateModified":"2020-06-02T19:42:09+00:00","mainEntityOfPage":{"@id":"https:\/\/pension-brigitte-henkel.de\/e-bike-ladestationen-an-der-mosel\/"},"wordCount":126,"commentCount":0,"publisher":{"@id":"https:\/\/pension-brigitte-henkel.de\/#organization"},"image":{"@id":"https:\/\/pension-brigitte-henkel.de\/e-bike-ladestationen-an-der-mosel\/#primaryimage"},"thumbnailUrl":"httpss:\/\/pension-brigitte-henkel.de\/wp-content\/uploads\/2020\/06\/bike.svg","articleSection":["Allgemein"],"inLanguage":"es","potentialAction":[{"@type":"CommentAction","name":"Comment","target":["https:\/\/pension-brigitte-henkel.de\/e-bike-ladestationen-an-der-mosel\/#respond"]}]},{"@type":"WebPage","@id":"https:\/\/pension-brigitte-henkel.de\/e-bike-ladestationen-an-der-mosel\/","url":"https:\/\/pension-brigitte-henkel.de\/e-bike-ladestationen-an-der-mosel\/","name":"Estaciones de recarga para bicicletas el\u00e9ctricas en el Mosela - Pensi\u00f3n Brigitte Henkel","isPartOf":{"@id":"https:\/\/pension-brigitte-henkel.de\/#website"},"primaryImageOfPage":{"@id":"https:\/\/pension-brigitte-henkel.de\/e-bike-ladestationen-an-der-mosel\/#primaryimage"},"image":{"@id":"https:\/\/pension-brigitte-henkel.de\/e-bike-ladestationen-an-der-mosel\/#primaryimage"},"thumbnailUrl":"httpss:\/\/pension-brigitte-henkel.de\/wp-content\/uploads\/2020\/06\/bike.svg","datePublished":"2020-06-02T19:42:08+00:00","dateModified":"2020-06-02T19:42:09+00:00","breadcrumb":{"@id":"https:\/\/pension-brigitte-henkel.de\/e-bike-ladestationen-an-der-mosel\/#breadcrumb"},"inLanguage":"es","potentialAction":[{"@type":"ReadAction","target":["https:\/\/pension-brigitte-henkel.de\/e-bike-ladestationen-an-der-mosel\/"]}]},{"@type":"ImageObject","inLanguage":"es","@id":"https:\/\/pension-brigitte-henkel.de\/e-bike-ladestationen-an-der-mosel\/#primaryimage","url":"httpss:\/\/pension-brigitte-henkel.de\/wp-content\/uploads\/2020\/06\/bike.svg","contentUrl":"httpss:\/\/pension-brigitte-henkel.de\/wp-content\/uploads\/2020\/06\/bike.svg"},{"@type":"BreadcrumbList","@id":"https:\/\/pension-brigitte-henkel.de\/e-bike-ladestationen-an-der-mosel\/#breadcrumb","itemListElement":[{"@type":"ListItem","position":1,"name":"Startseite","item":"https:\/\/pension-brigitte-henkel.de\/"},{"@type":"ListItem","position":2,"name":"E-Bike Ladestationen an der Mosel"}]},{"@type":"WebSite","@id":"https:\/\/pension-brigitte-henkel.de\/#website","url":"https:\/\/pension-brigitte-henkel.de\/","name":"Pensi\u00f3n Brigitte Henkel","description":"Anfitriona con coraz\u00f3n en Wolf\/Traben-Trarbach, a orillas del Mosela","publisher":{"@id":"https:\/\/pension-brigitte-henkel.de\/#organization"},"potentialAction":[{"@type":"SearchAction","target":{"@type":"EntryPoint","urlTemplate":"https:\/\/pension-brigitte-henkel.de\/?s={search_term_string}"},"query-input":{"@type":"PropertyValueSpecification","valueRequired":true,"valueName":"search_term_string"}}],"inLanguage":"es"},{"@type":"Organization","@id":"https:\/\/pension-brigitte-henkel.de\/#organization","name":"Pensi\u00f3n Brigitte Henkel","url":"https:\/\/pension-brigitte-henkel.de\/","logo":{"@type":"ImageObject","inLanguage":"es","@id":"https:\/\/pension-brigitte-henkel.de\/#\/schema\/logo\/image\/","url":"https:\/\/pension-brigitte-henkel.de\/wp-content\/uploads\/2020\/08\/Logo-transparent.png","contentUrl":"https:\/\/pension-brigitte-henkel.de\/wp-content\/uploads\/2020\/08\/Logo-transparent.png","width":534,"height":123,"caption":"Pension Brigitte Henkel"},"image":{"@id":"https:\/\/pension-brigitte-henkel.de\/#\/schema\/logo\/image\/"}},{"@type":"Person","@id":"https:\/\/pension-brigitte-henkel.de\/#\/schema\/person\/54664315f60693c685e3487082db7605","name":"Brigitte Henkel","image":{"@type":"ImageObject","inLanguage":"es","@id":"https:\/\/secure.gravatar.com\/avatar\/7c195e5ef3852ba47ca662632f7fce7112a67fb0df30a4e1ad6ed66b4eafa9f2?s=96&d=blank&r=g","url":"https:\/\/secure.gravatar.com\/avatar\/7c195e5ef3852ba47ca662632f7fce7112a67fb0df30a4e1ad6ed66b4eafa9f2?s=96&d=blank&r=g","contentUrl":"https:\/\/secure.gravatar.com\/avatar\/7c195e5ef3852ba47ca662632f7fce7112a67fb0df30a4e1ad6ed66b4eafa9f2?s=96&d=blank&r=g","caption":"Brigitte Henkel"},"sameAs":["https:\/\/pension-brigitte-henkel.de","https:\/\/www.facebook.com\/pension.brigitte\/"],"url":"https:\/\/pension-brigitte-henkel.de\/es\/author\/edit_traumpension\/"}]}},"_links":{"self":[{"href":"https:\/\/pension-brigitte-henkel.de\/es\/wp-json\/wp\/v2\/posts\/4605","targetHints":{"allow":["GET"]}}],"collection":[{"href":"https:\/\/pension-brigitte-henkel.de\/es\/wp-json\/wp\/v2\/posts"}],"about":[{"href":"https:\/\/pension-brigitte-henkel.de\/es\/wp-json\/wp\/v2\/types\/post"}],"author":[{"embeddable":true,"href":"https:\/\/pension-brigitte-henkel.de\/es\/wp-json\/wp\/v2\/users\/1"}],"replies":[{"embeddable":true,"href":"https:\/\/pension-brigitte-henkel.de\/es\/wp-json\/wp\/v2\/comments?post=4605"}],"version-history":[{"count":0,"href":"https:\/\/pension-brigitte-henkel.de\/es\/wp-json\/wp\/v2\/posts\/4605\/revisions"}],"wp:attachment":[{"href":"https:\/\/pension-brigitte-henkel.de\/es\/wp-json\/wp\/v2\/media?parent=4605"}],"wp:term":[{"taxonomy":"category","embeddable":true,"href":"https:\/\/pension-brigitte-henkel.de\/es\/wp-json\/wp\/v2\/categories?post=4605"},{"taxonomy":"post_tag","embeddable":true,"href":"https:\/\/pension-brigitte-henkel.de\/es\/wp-json\/wp\/v2\/tags?post=4605"}],"curies":[{"name":"wp","href":"https:\/\/api.w.org\/{rel}","templated":true}]}}