{"id":4605,"date":"2020-06-02T21:42:08","date_gmt":"2020-06-02T19:42:08","guid":{"rendered":"https:\/\/pension-brigitte-henkel.de\/?p=4605"},"modified":"2020-06-02T21:42:09","modified_gmt":"2020-06-02T19:42:09","slug":"e-bike-charging-stations-on-the-moselle","status":"publish","type":"post","link":"https:\/\/pension-brigitte-henkel.de\/en\/e-bike-charging-stations-on-the-moselle\/","title":{"rendered":"E-bike charging stations on the Moselle"},"content":{"rendered":"<p>E-bikes are very much in vogue and are inspiring more and more people to take up cycling with this little helper. Our guests are also increasingly using e-bikes to explore the Moselle region. E-bikes are also ideal for exploring the hilly regions around the Moselle. <\/p>\n\n\n\n<figure class=\"wp-block-image size-large is-resized\"><img fetchpriority=\"high\" decoding=\"async\" src=\"httpss:\/\/pension-brigitte-henkel.de\/wp-content\/uploads\/2020\/06\/bike.svg\" alt=\"\" class=\"wp-image-4607\" width=\"363\" height=\"363\"\/><figcaption>E-bikes are all the rage. Why not plan a cycle tour to the Moselle with your e-bike?.<\/figcaption><\/figure>\n\n\n\n<p>The flat Moselle itself does not really require the use of a little helper. As our guests, you can recharge your e-bike batteries here. In addition, the garage offers a secure parking space for your bicycle. We are also happy to provide you with information about alternative cycle paths for your e-bike route. <\/p>","protected":false},"excerpt":{"rendered":"<p>E-bikes are all the rage and more and more people are becoming enthusiastic about bikes with the little helper. Our guests are also increasingly using e-bikes to explore the Moselle. The mountainous regions around the Moselle can also be explored by e-bike. The flat Moselle itself actually needs its own... <\/p>\n<div class=\"clear\"><\/div>\n<p><a href=\"https:\/\/pension-brigitte-henkel.de\/en\/e-bike-charging-stations-on-the-moselle\/\" class=\"excerpt-read-more\">Continue Reading<i class=\"fa fa-long-arrow-right icon-long-arrow-right\"><\/i><\/a><\/p>","protected":false},"author":1,"featured_media":0,"comment_status":"open","ping_status":"open","sticky":false,"template":"","format":"standard","meta":{"footnotes":""},"categories":[1],"tags":[],"class_list":["post-4605","post","type-post","status-publish","format-standard","hentry","category-allgemein"],"yoast_head":"<!-- This site is optimized with the Yoast SEO Premium plugin v26.4 (Yoast SEO v27.5) - https:\/\/yoast.com\/product\/yoast-seo-premium-wordpress\/ -->\n<title>E-Bike Ladestationen an der Mosel - Pension Brigitte Henkel<\/title>\n<meta name=\"robots\" content=\"index, follow, max-snippet:-1, max-image-preview:large, max-video-preview:-1\" \/>\n<link rel=\"canonical\" href=\"https:\/\/pension-brigitte-henkel.de\/en\/e-bike-charging-stations-on-the-moselle\/\" \/>\n<meta property=\"og:locale\" content=\"en_GB\" \/>\n<meta property=\"og:type\" content=\"article\" \/>\n<meta property=\"og:title\" content=\"E-Bike Ladestationen an der Mosel\" \/>\n<meta property=\"og:description\" content=\"E-Bikes liegen voll im Trend und begeistern so immer mehr Menschen f\u00fcr die Fahrr\u00e4der mit dem kleinen Helfer. Auch unsere G\u00e4ste nutzen mittlerweile immer mehr das E-Bike um die Mosel zu erkunden. Mit dem E-Bike k\u00f6nnen so auch die bergischen Regionen rund, um die Mosel erkundigt werden. Die flache Mosel selbst ben\u00f6tigt dabei eigentlich selbst... Continue Reading\" \/>\n<meta property=\"og:url\" content=\"https:\/\/pension-brigitte-henkel.de\/en\/e-bike-charging-stations-on-the-moselle\/\" \/>\n<meta property=\"og:site_name\" content=\"Pension Brigitte Henkel\" \/>\n<meta property=\"article:author\" content=\"https:\/\/www.facebook.com\/pension.brigitte\/\" \/>\n<meta property=\"article:published_time\" content=\"2020-06-02T19:42:08+00:00\" \/>\n<meta property=\"article:modified_time\" content=\"2020-06-02T19:42:09+00:00\" \/>\n<meta property=\"og:image\" content=\"\" \/>\n<meta name=\"author\" content=\"Brigitte Henkel\" \/>\n<meta name=\"twitter:card\" content=\"summary_large_image\" \/>\n<meta name=\"twitter:label1\" content=\"Written by\" \/>\n\t<meta name=\"twitter:data1\" content=\"Brigitte Henkel\" \/>\n\t<meta name=\"twitter:label2\" content=\"Estimated reading time\" \/>\n\t<meta name=\"twitter:data2\" content=\"1 minute\" \/>\n<!-- \/ Yoast SEO Premium plugin. -->","yoast_head_json":{"title":"E-bike charging stations on the Moselle - Pension Brigitte Henkel","robots":{"index":"index","follow":"follow","max-snippet":"max-snippet:-1","max-image-preview":"max-image-preview:large","max-video-preview":"max-video-preview:-1"},"canonical":"https:\/\/pension-brigitte-henkel.de\/en\/e-bike-charging-stations-on-the-moselle\/","og_locale":"en_GB","og_type":"article","og_title":"E-Bike Ladestationen an der Mosel","og_description":"E-Bikes liegen voll im Trend und begeistern so immer mehr Menschen f\u00fcr die Fahrr\u00e4der mit dem kleinen Helfer. Auch unsere G\u00e4ste nutzen mittlerweile immer mehr das E-Bike um die Mosel zu erkunden. Mit dem E-Bike k\u00f6nnen so auch die bergischen Regionen rund, um die Mosel erkundigt werden. Die flache Mosel selbst ben\u00f6tigt dabei eigentlich selbst... Continue Reading","og_url":"https:\/\/pension-brigitte-henkel.de\/en\/e-bike-charging-stations-on-the-moselle\/","og_site_name":"Pension Brigitte Henkel","article_author":"https:\/\/www.facebook.com\/pension.brigitte\/","article_published_time":"2020-06-02T19:42:08+00:00","article_modified_time":"2020-06-02T19:42:09+00:00","og_image":[{"url":"httpss:\/\/pension-brigitte-henkel.de\/wp-content\/uploads\/2020\/06\/bike.svg","type":"","width":"","height":""}],"author":"Brigitte Henkel","twitter_card":"summary_large_image","twitter_misc":{"Written by":"Brigitte Henkel","Estimated reading time":"1 minute"},"schema":{"@context":"https:\/\/schema.org","@graph":[{"@type":"Article","@id":"https:\/\/pension-brigitte-henkel.de\/e-bike-ladestationen-an-der-mosel\/#article","isPartOf":{"@id":"https:\/\/pension-brigitte-henkel.de\/e-bike-ladestationen-an-der-mosel\/"},"author":{"name":"Brigitte Henkel","@id":"https:\/\/pension-brigitte-henkel.de\/#\/schema\/person\/54664315f60693c685e3487082db7605"},"headline":"E-Bike Ladestationen an der Mosel","datePublished":"2020-06-02T19:42:08+00:00","dateModified":"2020-06-02T19:42:09+00:00","mainEntityOfPage":{"@id":"https:\/\/pension-brigitte-henkel.de\/e-bike-ladestationen-an-der-mosel\/"},"wordCount":126,"commentCount":0,"publisher":{"@id":"https:\/\/pension-brigitte-henkel.de\/#organization"},"image":{"@id":"https:\/\/pension-brigitte-henkel.de\/e-bike-ladestationen-an-der-mosel\/#primaryimage"},"thumbnailUrl":"httpss:\/\/pension-brigitte-henkel.de\/wp-content\/uploads\/2020\/06\/bike.svg","articleSection":["Allgemein"],"inLanguage":"en-GB","potentialAction":[{"@type":"CommentAction","name":"Comment","target":["https:\/\/pension-brigitte-henkel.de\/e-bike-ladestationen-an-der-mosel\/#respond"]}]},{"@type":"WebPage","@id":"https:\/\/pension-brigitte-henkel.de\/e-bike-ladestationen-an-der-mosel\/","url":"https:\/\/pension-brigitte-henkel.de\/e-bike-ladestationen-an-der-mosel\/","name":"E-bike charging stations on the Moselle - Pension Brigitte Henkel","isPartOf":{"@id":"https:\/\/pension-brigitte-henkel.de\/#website"},"primaryImageOfPage":{"@id":"https:\/\/pension-brigitte-henkel.de\/e-bike-ladestationen-an-der-mosel\/#primaryimage"},"image":{"@id":"https:\/\/pension-brigitte-henkel.de\/e-bike-ladestationen-an-der-mosel\/#primaryimage"},"thumbnailUrl":"httpss:\/\/pension-brigitte-henkel.de\/wp-content\/uploads\/2020\/06\/bike.svg","datePublished":"2020-06-02T19:42:08+00:00","dateModified":"2020-06-02T19:42:09+00:00","breadcrumb":{"@id":"https:\/\/pension-brigitte-henkel.de\/e-bike-ladestationen-an-der-mosel\/#breadcrumb"},"inLanguage":"en-GB","potentialAction":[{"@type":"ReadAction","target":["https:\/\/pension-brigitte-henkel.de\/e-bike-ladestationen-an-der-mosel\/"]}]},{"@type":"ImageObject","inLanguage":"en-GB","@id":"https:\/\/pension-brigitte-henkel.de\/e-bike-ladestationen-an-der-mosel\/#primaryimage","url":"httpss:\/\/pension-brigitte-henkel.de\/wp-content\/uploads\/2020\/06\/bike.svg","contentUrl":"httpss:\/\/pension-brigitte-henkel.de\/wp-content\/uploads\/2020\/06\/bike.svg"},{"@type":"BreadcrumbList","@id":"https:\/\/pension-brigitte-henkel.de\/e-bike-ladestationen-an-der-mosel\/#breadcrumb","itemListElement":[{"@type":"ListItem","position":1,"name":"Startseite","item":"https:\/\/pension-brigitte-henkel.de\/"},{"@type":"ListItem","position":2,"name":"E-Bike Ladestationen an der Mosel"}]},{"@type":"WebSite","@id":"https:\/\/pension-brigitte-henkel.de\/#website","url":"https:\/\/pension-brigitte-henkel.de\/","name":"Pension Brigitte Henkel","description":"A warm-hearted hostess in Wolf\/Traben-Trarbach on the Moselle","publisher":{"@id":"https:\/\/pension-brigitte-henkel.de\/#organization"},"potentialAction":[{"@type":"SearchAction","target":{"@type":"EntryPoint","urlTemplate":"https:\/\/pension-brigitte-henkel.de\/?s={search_term_string}"},"query-input":{"@type":"PropertyValueSpecification","valueRequired":true,"valueName":"search_term_string"}}],"inLanguage":"en-GB"},{"@type":"Organization","@id":"https:\/\/pension-brigitte-henkel.de\/#organization","name":"Pension Brigitte Henkel","url":"https:\/\/pension-brigitte-henkel.de\/","logo":{"@type":"ImageObject","inLanguage":"en-GB","@id":"https:\/\/pension-brigitte-henkel.de\/#\/schema\/logo\/image\/","url":"https:\/\/pension-brigitte-henkel.de\/wp-content\/uploads\/2020\/08\/Logo-transparent.png","contentUrl":"https:\/\/pension-brigitte-henkel.de\/wp-content\/uploads\/2020\/08\/Logo-transparent.png","width":534,"height":123,"caption":"Pension Brigitte Henkel"},"image":{"@id":"https:\/\/pension-brigitte-henkel.de\/#\/schema\/logo\/image\/"}},{"@type":"Person","@id":"https:\/\/pension-brigitte-henkel.de\/#\/schema\/person\/54664315f60693c685e3487082db7605","name":"Brigitte Henkel","image":{"@type":"ImageObject","inLanguage":"en-GB","@id":"https:\/\/secure.gravatar.com\/avatar\/7c195e5ef3852ba47ca662632f7fce7112a67fb0df30a4e1ad6ed66b4eafa9f2?s=96&d=blank&r=g","url":"https:\/\/secure.gravatar.com\/avatar\/7c195e5ef3852ba47ca662632f7fce7112a67fb0df30a4e1ad6ed66b4eafa9f2?s=96&d=blank&r=g","contentUrl":"https:\/\/secure.gravatar.com\/avatar\/7c195e5ef3852ba47ca662632f7fce7112a67fb0df30a4e1ad6ed66b4eafa9f2?s=96&d=blank&r=g","caption":"Brigitte Henkel"},"sameAs":["https:\/\/pension-brigitte-henkel.de","https:\/\/www.facebook.com\/pension.brigitte\/"],"url":"https:\/\/pension-brigitte-henkel.de\/en\/author\/edit_traumpension\/"}]}},"_links":{"self":[{"href":"https:\/\/pension-brigitte-henkel.de\/en\/wp-json\/wp\/v2\/posts\/4605","targetHints":{"allow":["GET"]}}],"collection":[{"href":"https:\/\/pension-brigitte-henkel.de\/en\/wp-json\/wp\/v2\/posts"}],"about":[{"href":"https:\/\/pension-brigitte-henkel.de\/en\/wp-json\/wp\/v2\/types\/post"}],"author":[{"embeddable":true,"href":"https:\/\/pension-brigitte-henkel.de\/en\/wp-json\/wp\/v2\/users\/1"}],"replies":[{"embeddable":true,"href":"https:\/\/pension-brigitte-henkel.de\/en\/wp-json\/wp\/v2\/comments?post=4605"}],"version-history":[{"count":0,"href":"https:\/\/pension-brigitte-henkel.de\/en\/wp-json\/wp\/v2\/posts\/4605\/revisions"}],"wp:attachment":[{"href":"https:\/\/pension-brigitte-henkel.de\/en\/wp-json\/wp\/v2\/media?parent=4605"}],"wp:term":[{"taxonomy":"category","embeddable":true,"href":"https:\/\/pension-brigitte-henkel.de\/en\/wp-json\/wp\/v2\/categories?post=4605"},{"taxonomy":"post_tag","embeddable":true,"href":"https:\/\/pension-brigitte-henkel.de\/en\/wp-json\/wp\/v2\/tags?post=4605"}],"curies":[{"name":"wp","href":"https:\/\/api.w.org\/{rel}","templated":true}]}}